{"id":177,"date":"2022-09-02T18:13:04","date_gmt":"2022-09-02T17:13:04","guid":{"rendered":"https:\/\/www.bouwevandermeulen.nl\/?p=177"},"modified":"2023-01-10T20:23:39","modified_gmt":"2023-01-10T19:23:39","slug":"graven-in-suawoude-hersteld","status":"publish","type":"post","link":"https:\/\/www.bouwevandermeulen.nl\/?p=177","title":{"rendered":"Graven in Suawoude"},"content":{"rendered":"<p>Enkele familiegraven in Suawoude zijn in 2022 opgeknapt. Het betreft onder meer het grafmonument van Dani\u00ebl en Wytske van der Meulen achter de kerk, waarin ook de as van Bouwe en Annie (uit Australi\u00eb) is bijgezet, en de graven van Dani\u00ebl zijn grootouders Bouwe Dani\u00ebls van der Meulen en Grietje Aans Algra, voor de hoofdingang van de kerk. Bij hen zijn ook hun oudste zoon Dani\u00ebl Bouwes en hun kleindochter Anna Aans van der Meulen begraven. De laatste overleed in 1918 aan de Spaanse griep.<\/p>\n<p><img loading=\"lazy\" decoding=\"async\" class=\"alignnone size-medium wp-image-175\" src=\"https:\/\/www.bouwevandermeulen.nl\/wp-content\/uploads\/2022\/09\/van-der-meulen-6a-2-240x300.jpg\" alt=\"\" width=\"240\" height=\"300\" srcset=\"https:\/\/www.bouwevandermeulen.nl\/wp-content\/uploads\/2022\/09\/van-der-meulen-6a-2-240x300.jpg 240w, https:\/\/www.bouwevandermeulen.nl\/wp-content\/uploads\/2022\/09\/van-der-meulen-6a-2-819x1024.jpg 819w, https:\/\/www.bouwevandermeulen.nl\/wp-content\/uploads\/2022\/09\/van-der-meulen-6a-2-768x960.jpg 768w, https:\/\/www.bouwevandermeulen.nl\/wp-content\/uploads\/2022\/09\/van-der-meulen-6a-2-1228x1536.jpg 1228w, https:\/\/www.bouwevandermeulen.nl\/wp-content\/uploads\/2022\/09\/van-der-meulen-6a-2.jpg 1533w\" sizes=\"auto, (max-width: 240px) 100vw, 240px\" \/> <img loading=\"lazy\" decoding=\"async\" class=\"alignnone size-medium wp-image-174\" src=\"https:\/\/www.bouwevandermeulen.nl\/wp-content\/uploads\/2022\/09\/van-der-meulen-3a-240x300.jpg\" alt=\"\" width=\"240\" height=\"300\" srcset=\"https:\/\/www.bouwevandermeulen.nl\/wp-content\/uploads\/2022\/09\/van-der-meulen-3a-240x300.jpg 240w, https:\/\/www.bouwevandermeulen.nl\/wp-content\/uploads\/2022\/09\/van-der-meulen-3a-819x1024.jpg 819w, https:\/\/www.bouwevandermeulen.nl\/wp-content\/uploads\/2022\/09\/van-der-meulen-3a-768x960.jpg 768w, https:\/\/www.bouwevandermeulen.nl\/wp-content\/uploads\/2022\/09\/van-der-meulen-3a-1228x1536.jpg 1228w, https:\/\/www.bouwevandermeulen.nl\/wp-content\/uploads\/2022\/09\/van-der-meulen-3a.jpg 1478w\" sizes=\"auto, (max-width: 240px) 100vw, 240px\" \/><\/p>\n","protected":false},"excerpt":{"rendered":"<p>Enkele familiegraven in Suawoude zijn in 2022 opgeknapt. Het betreft onder meer het grafmonument van Dani\u00ebl en Wytske van der Meulen achter de kerk, waarin ook de as van Bouwe en Annie (uit Australi\u00eb) is bijgezet, en de graven van &hellip; <a href=\"https:\/\/www.bouwevandermeulen.nl\/?p=177\">Lees verder <span class=\"meta-nav\">&rarr;<\/span><\/a><\/p>\n","protected":false},"author":3283,"featured_media":0,"comment_status":"closed","ping_status":"open","sticky":false,"template":"","format":"standard","meta":{"_crdt_document":"","footnotes":""},"categories":[3],"tags":[],"class_list":["post-177","post","type-post","status-publish","format-standard","hentry","category-algemeen"],"_links":{"self":[{"href":"https:\/\/www.bouwevandermeulen.nl\/index.php?rest_route=\/wp\/v2\/posts\/177","targetHints":{"allow":["GET"]}}],"collection":[{"href":"https:\/\/www.bouwevandermeulen.nl\/index.php?rest_route=\/wp\/v2\/posts"}],"about":[{"href":"https:\/\/www.bouwevandermeulen.nl\/index.php?rest_route=\/wp\/v2\/types\/post"}],"author":[{"embeddable":true,"href":"https:\/\/www.bouwevandermeulen.nl\/index.php?rest_route=\/wp\/v2\/users\/3283"}],"replies":[{"embeddable":true,"href":"https:\/\/www.bouwevandermeulen.nl\/index.php?rest_route=%2Fwp%2Fv2%2Fcomments&post=177"}],"version-history":[{"count":3,"href":"https:\/\/www.bouwevandermeulen.nl\/index.php?rest_route=\/wp\/v2\/posts\/177\/revisions"}],"predecessor-version":[{"id":190,"href":"https:\/\/www.bouwevandermeulen.nl\/index.php?rest_route=\/wp\/v2\/posts\/177\/revisions\/190"}],"wp:attachment":[{"href":"https:\/\/www.bouwevandermeulen.nl\/index.php?rest_route=%2Fwp%2Fv2%2Fmedia&parent=177"}],"wp:term":[{"taxonomy":"category","embeddable":true,"href":"https:\/\/www.bouwevandermeulen.nl\/index.php?rest_route=%2Fwp%2Fv2%2Fcategories&post=177"},{"taxonomy":"post_tag","embeddable":true,"href":"https:\/\/www.bouwevandermeulen.nl\/index.php?rest_route=%2Fwp%2Fv2%2Ftags&post=177"}],"curies":[{"name":"wp","href":"https:\/\/api.w.org\/{rel}","templated":true}]}}